{"id":2834,"date":"2018-01-05T00:00:00","date_gmt":"2018-01-04T23:00:00","guid":{"rendered":"https:\/\/beta.iaru-r2.org\/the-movie-sergio-serguei-wins-the-vote-of-popularity\/"},"modified":"2018-01-05T00:00:00","modified_gmt":"2018-01-04T23:00:00","slug":"the-movie-sergio-serguei-wins-the-vote-of-popularity","status":"publish","type":"post","link":"https:\/\/www.iaru-r2.org\/en\/the-movie-sergio-serguei-wins-the-vote-of-popularity\/","title":{"rendered":"The movie \u0093Sergio <span class=\"amp\">&amp;<\/span>&nbsp;Sergu\u00e9i\u0094 wins the vote of popularity"},"content":{"rendered":"<p><a href=\"http:\/\/www.iaru-r2.org\/wp-content\/uploads\/qsl.jpg\"><img loading=\"lazy\" decoding=\"async\" class=\"alignleft size-thumbnail wp-image-4344\" src=\"http:\/\/www.iaru-r2.org\/wp-content\/uploads\/qsl-150x52.jpg\" alt width=\"150\" height=\"52\"><\/a>The Granma edition of Monday, December 18, reported that the \u0093Coral\u0094 Award to best fiction film was awarded to Alanis, a&nbsp;production of Argentinean filmmaker Anah\u00ed Berneri. At the same time, the award corresponding to the vote of the public was won by Cuban movie \u0093Sergio y&nbsp;Sergu\u00e9i\u0094 by director Ernesto Daranas.<\/p>\n<p>As published in this digital website of Federaci\u00f3n de Radioaficionados de Cuba (<span class=\"caps\">FRC<\/span>), in this movie, the leading character is a&nbsp;Cuban radio amateur that contacts the <span class=\"caps\">MIR<\/span> space station and an exchange occurs between both operators, giving rise to a&nbsp;friendship that will help them face the changes occurring in their respective countries in the decade of the&nbsp;1990s.<\/p>\n<p>It is true that the radio amateurs established this type of contact, as explained by Daranas, and we know that perfectly, but what the movie tells is a&nbsp;total fiction built based on those referents, where the leading characters of Sergio <span class=\"amp\">&amp;<\/span>&nbsp;Sergu\u00e9i, played by Tom\u00e1s Cao and H\u00e9ctor Noa, recreate it in the&nbsp;movie.<\/p>\n<p>In the previous article we were left with a&nbsp;question: To know the identity of Sergio, the radio amateur that on August 19, 2016, wrote in the Cuban television portal: \u0093Hello, my name is Sergio. I\u0092m Cuban, I&nbsp;studied in the <span class=\"caps\">USSR<\/span>, I\u0092m a&nbsp;radio amateur and I&nbsp;had regular QSOs with Musa Manarov and Sergu\u00e9i Krikalev during their <span class=\"caps\">MIR<\/span> missions&nbsp;\u0094<\/p>\n<p>Quite a&nbsp;few readers called me or wrote important descriptions about this radio amateur, whose identity we already discovered, and we know that he no longer belongs to <span class=\"caps\">FRC<\/span> nor lives in Cuba. His name is Sergio Gonz\u00e1lez Blanco, Sergito, who first operated as <span class=\"caps\">CM2VV<\/span> and during the time of the contacts with <span class=\"caps\">MIR<\/span>, as <span class=\"caps\">CO2VV<\/span>. According to Jos\u00e9 \u00c1ngel Amador (<span class=\"caps\">CO2JA<\/span>). Sergito also made QSOs through the first satellites and was very active in Oscar 10 and Oscar 13. He studied in the former <span class=\"caps\">URSS<\/span>, is fluent in Russian, but physically, he looks nothing like Tom\u00e1s&nbsp;Cao.<\/p>\n<p>Jos\u00e9 \u00c1ngel (<span class=\"caps\">CO2JA<\/span>), recalling those QSOs, commented: \u0093 Sergito, taking advantage of his command of Russian, built a&nbsp;friendship by radio with several radio amateur cosmonauts. I&nbsp;remember his QSOs with Musa Manarov, with whom I&nbsp;also spoke, and later with Serguei Krikalev&nbsp;\u0094<\/p>\n<p>A valuable testimony that I&nbsp;received, as the previous one, was from Jes\u00fas Gonz\u00e1lez (<span class=\"caps\">CO2JG<\/span>), who commented the following:<\/p>\n<p>\u0093The radio amateur that wrote is, without a&nbsp;doubt, Sergio Gonz\u00e1lez (<span class=\"caps\">CO2VV<\/span>), the person that inspired the story. A&nbsp;telecommunications engineer graduated in the <span class=\"caps\">USSR<\/span>, he has been without a&nbsp;doubt, one of the more technically talented and innovative Cuban radio amateurs.<\/p>\n<p>At the end of the 1980s and during the 1990s, he not only held regular QSOs with the <span class=\"caps\">MIR<\/span> station with radio amateur cosmonauts Musa Manarov and Serguei Krikaliev, after being the first Cuban to do so, but for many years, he was also one of the pioneers in putting Cuba in the amateur radio satellite scene, practically since these were available, also in the installation of the first <span class=\"caps\">VHF<\/span> amateur radio repeater in Cuba, in the use of digital modes, in the establishment of the first multi-port node and the first packet radio <span class=\"caps\">BBS<\/span> in Cuba, and more. I\u0092m attaching a&nbsp;newspaper clipping of that time and copy of <span class=\"caps\">MIR<\/span> <span class=\"caps\">QSL<\/span>&nbsp;cards\u0094.<\/p>\n<p>Mario Eduardo (<span class=\"caps\">CO2EP<\/span>) also confirmed, with similar arguments, that without a&nbsp;doubt, it is Sergio Gonz\u00e1lez, formerly <span class=\"caps\">CO2VV<\/span>, who became a&nbsp;member of <span class=\"caps\">FRC<\/span> at the same time that he did and was always a&nbsp;very active and proficient radio amateur.<\/p>\n<p>Nevertheless, achieving that the work of radio amateurs becomes the theme of a&nbsp;film is a&nbsp;fact that we must admire, regardless of the opinions that the movie can generate once we see it, since it was presented in the framework of last New Latin American Film International Festival. We hope to be able to see the movie&nbsp;soon.<\/p>\n<p>Our sincere thanks to those that contributed with the <span class=\"caps\">FRC<\/span> information system so that we could come back to this subject and our commitment so that their testimony reaches those youths that are now leading the Satellite Operations Group (abbreviated <span class=\"caps\">GROS<\/span> in Spanish).<\/p>\n<p><a href=\"http:\/\/www.iaru-r2.org\/wp-content\/uploads\/periodico.jpg\"><img loading=\"lazy\" decoding=\"async\" class=\"aligncenter size-medium wp-image-4343\" src=\"http:\/\/www.iaru-r2.org\/wp-content\/uploads\/periodico-469x500.jpg\" alt width=\"469\" height=\"500\"><\/a><\/p>\n<p><a href=\"http:\/\/www.iaru-r2.org\/wp-content\/uploads\/4.jpg\"><img loading=\"lazy\" decoding=\"async\" class=\"aligncenter  wp-image-4349\" src=\"http:\/\/www.iaru-r2.org\/wp-content\/uploads\/4-500x344.jpg\" alt width=\"392\" height=\"270\"><\/a><\/p>\n<p><a href=\"http:\/\/www.iaru-r2.org\/wp-content\/uploads\/3-1.jpg\"><img loading=\"lazy\" decoding=\"async\" class=\"aligncenter  wp-image-4348\" src=\"http:\/\/www.iaru-r2.org\/wp-content\/uploads\/3-1-500x318.jpg\" alt width=\"385\" height=\"245\"><\/a><\/p>\n<p>Joel Carrazana Vald\u00e9s (<span class=\"caps\">CO6JC<\/span>),<\/p>\n<p><span class=\"caps\">FRC<\/span> information system.<\/p>\n","protected":false},"excerpt":{"rendered":"<p>The Granma edition of Monday, December 18, reported that the \u0093Coral\u0094 Award to best fiction film was awarded to Alanis, a&nbsp;production of Argentinean filmmaker Anah\u00ed Berneri. At the same time, the award corresponding to the vote of the public was won by Cuban movie \u0093Sergio y&nbsp;Sergu\u00e9i\u0094 by director Ernesto Daranas. As published in this digital&nbsp;[\u2026]<\/p>\n","protected":false},"author":12,"featured_media":0,"comment_status":"closed","ping_status":"closed","sticky":false,"template":"","format":"standard","meta":{"wp_typography_post_enhancements_disabled":false,"footnotes":""},"categories":[1],"tags":[],"class_list":["post-2834","post","type-post","status-publish","format-standard","hentry","category-news"],"_links":{"self":[{"href":"https:\/\/www.iaru-r2.org\/en\/wp-json\/wp\/v2\/posts\/2834","targetHints":{"allow":["GET"]}}],"collection":[{"href":"https:\/\/www.iaru-r2.org\/en\/wp-json\/wp\/v2\/posts"}],"about":[{"href":"https:\/\/www.iaru-r2.org\/en\/wp-json\/wp\/v2\/types\/post"}],"author":[{"embeddable":true,"href":"https:\/\/www.iaru-r2.org\/en\/wp-json\/wp\/v2\/users\/12"}],"replies":[{"embeddable":true,"href":"https:\/\/www.iaru-r2.org\/en\/wp-json\/wp\/v2\/comments?post=2834"}],"version-history":[{"count":0,"href":"https:\/\/www.iaru-r2.org\/en\/wp-json\/wp\/v2\/posts\/2834\/revisions"}],"wp:attachment":[{"href":"https:\/\/www.iaru-r2.org\/en\/wp-json\/wp\/v2\/media?parent=2834"}],"wp:term":[{"taxonomy":"category","embeddable":true,"href":"https:\/\/www.iaru-r2.org\/en\/wp-json\/wp\/v2\/categories?post=2834"},{"taxonomy":"post_tag","embeddable":true,"href":"https:\/\/www.iaru-r2.org\/en\/wp-json\/wp\/v2\/tags?post=2834"}],"curies":[{"name":"wp","href":"https:\/\/api.w.org\/{rel}","templated":true}]}}