{"id":5646,"date":"2022-11-05T14:10:01","date_gmt":"2022-11-05T13:10:01","guid":{"rendered":"https:\/\/www.iaru-r2.org\/?p=5646"},"modified":"2022-11-05T14:10:01","modified_gmt":"2022-11-05T13:10:01","slug":"news-release-for-general-assembly","status":"publish","type":"post","link":"https:\/\/www.iaru-r2.org\/en\/news-release-for-general-assembly\/","title":{"rendered":"News Release for General Assembly"},"content":{"rendered":"<p><span class=\"caps\">IARU<\/span> Region 2&nbsp;General Assembly Has Largest Participation Ever<\/p>\n<p>New Officers and Executive Committee Elected<\/p>\n<p>The triennial <span class=\"caps\">IARU<\/span> Region 2&nbsp;General Assembly concluded on Friday, November 4&nbsp;after a&nbsp;week of evening virtual sessions.&nbsp;Meeting virtually enabled many societies to attend in person for the first time.&nbsp;There were 117 registered delegates from 26 Member Societies plus representatives from <span class=\"caps\">IARU<\/span> Regions 1&nbsp;and 3&nbsp;as well as the <span class=\"caps\">IARU<\/span> President, Vice President and Secretary.<\/p>\n<p>Highlights of the General Assembly included the Member Society reports which underlined the wide differences in amateur radio circumstances within the region as well as our many common interests in amateur radio.&nbsp;Region 2&nbsp;Committee reports provided insight into the many different activities undertaken by the Region from <span class=\"caps\">CITEL<\/span> and <span class=\"caps\">WRC<\/span> 2023 matters that could impact our spectrum access in addition to Band Planning, Youth activities, the Monitoring System and <span class=\"caps\">ARDF<\/span>, to name only a&nbsp;few.<\/p>\n<p>The last day of the Assembly began with a&nbsp;presentation from the <span class=\"caps\">IARU<\/span> President, Tim Ellam <span class=\"caps\">VE6SH<\/span>.&nbsp;President Ellam highlighted some of the challenges to amateur radio in the current telecommunications environment.&nbsp;He stressed that amateur radio should be alert to challenges and opportunities in spectrum matters.&nbsp;Regulators are tending toward sharing of spectrum by users and since amateur radio has approximately 9% of the spectrum from 144 MHz to 275 GHz, amateurs may have to adapt to increased sharing of spectrum with other users.&nbsp;He also highlighted the work of the \u201cFutures\u201d committee within <span class=\"caps\">IARU<\/span> and changes that may be presented to member societies in&nbsp;2023.<\/p>\n<p>In other actions, the General Assembly took the following actions:<\/p>\n<p>- Adopted a&nbsp;bylaw amendment to allow the Treasurer function to be carried out with more flexibility to conform to banking regulations was adopted.<\/p>\n<p>- A&nbsp;special committee was established which will explore the opportunities for more frequent meetings involving the Executive Committee and the Members Societies between General Assemblies.<\/p>\n<p>- Adopted an initiative to recruit Spanish speaking individuals to further efforts to recruit younger amateur radio operators in Spanish speaking countries within the region.<\/p>\n<p>- Adopted the proposal to promote WinLink demonstrations and education programs to support emergency telecommunications within the region.<\/p>\n<p>- Adopted a&nbsp;proposal to establish a&nbsp;regional advisory committee on emergency telecommunications made up of individuals experienced in the field of emergency telecommunications.<\/p>\n<p>- Adopted a&nbsp;proposal to increase the number and variety of emergency telecommunications exercises within the region.<\/p>\n<p>- The assembly encouraged society web sites to include more coverage of <span class=\"caps\">IARU<\/span>, <span class=\"caps\">IARU<\/span> news and events.<\/p>\n<p>Elections were held for Region 2&nbsp;Officers and Area Directors.&nbsp;The new executive committee will take office on December 15, 2022, and serve until shortly after the next General Assembly in&nbsp;2025.<\/p>\n<p><\/p>\n<p>Officers:<\/p>\n<p>President:&nbsp;George Gorsline <span class=\"caps\">VE3YV<\/span><\/p>\n<p>Vice President: Gustavo de Faria Franco <span class=\"caps\">PT2ADM<\/span><\/p>\n<p>Secretary:&nbsp;Rod Stafford <span class=\"caps\">W6ROD<\/span><\/p>\n<p><\/p>\n<p>Area Directors:<\/p>\n<p>Area A:&nbsp;George Gorsline <span class=\"caps\">VE3YV<\/span><\/p>\n<p>Area B:&nbsp;Rod Stafford <span class=\"caps\">W6ROD<\/span><\/p>\n<p>Area C: V\u00edctor Dami\u00e1n Pinilla Mor\u00e1n&nbsp;<span class=\"caps\">XE1VP<\/span><\/p>\n<p>Area D: Jos\u00e9 Arturo Molina <span class=\"caps\">YS1MS<\/span><\/p>\n<p>Area E:&nbsp;Jaime Hernando Duarte, <span class=\"caps\">HK6W<\/span><\/p>\n<p>Area F: Oscar Pancorvo <span class=\"caps\">OA4AMN<\/span><\/p>\n<p>Area G: Galdino Besomi&nbsp;<span class=\"caps\">CE3PG<\/span><\/p>\n<p><\/p>\n<p>The next General Assembly will take place in 2025 in Ecuador and will be hosted by the Guayaquil Radio&nbsp;Club.<\/p>\n<p>The Assembly was closed by President Ram\u00f3n Santoyo <span class=\"caps\">XE1KK<\/span>, who noted that this was his last Assembly as an Officer or Director after 16 years working within Region 2.&nbsp;His contributions were acknowledged by many expressions of thanks and well wishes.<\/p>\n","protected":false},"excerpt":{"rendered":"<p><span class=\"caps\">IARU<\/span> Region 2&nbsp;General Assembly Has Largest Participation Ever New Officers and Executive Committee Elected The triennial <span class=\"caps\">IARU<\/span> Region 2&nbsp;General Assembly concluded on Friday, November 4&nbsp;after a&nbsp;week of evening virtual sessions.&nbsp;Meeting virtually enabled many societies to attend in person for the first time.&nbsp;There were 117 registered delegates from 26 Member Societies plus representatives from <span class=\"caps\">IARU<\/span> Regions&nbsp;[\u2026]<\/p>\n","protected":false},"author":12,"featured_media":5617,"comment_status":"closed","ping_status":"closed","sticky":false,"template":"","format":"standard","meta":{"wp_typography_post_enhancements_disabled":false,"footnotes":""},"categories":[1],"tags":[],"class_list":["post-5646","post","type-post","status-publish","format-standard","has-post-thumbnail","hentry","category-news"],"_links":{"self":[{"href":"https:\/\/www.iaru-r2.org\/en\/wp-json\/wp\/v2\/posts\/5646","targetHints":{"allow":["GET"]}}],"collection":[{"href":"https:\/\/www.iaru-r2.org\/en\/wp-json\/wp\/v2\/posts"}],"about":[{"href":"https:\/\/www.iaru-r2.org\/en\/wp-json\/wp\/v2\/types\/post"}],"author":[{"embeddable":true,"href":"https:\/\/www.iaru-r2.org\/en\/wp-json\/wp\/v2\/users\/12"}],"replies":[{"embeddable":true,"href":"https:\/\/www.iaru-r2.org\/en\/wp-json\/wp\/v2\/comments?post=5646"}],"version-history":[{"count":0,"href":"https:\/\/www.iaru-r2.org\/en\/wp-json\/wp\/v2\/posts\/5646\/revisions"}],"wp:featuredmedia":[{"embeddable":true,"href":"https:\/\/www.iaru-r2.org\/en\/wp-json\/wp\/v2\/media\/5617"}],"wp:attachment":[{"href":"https:\/\/www.iaru-r2.org\/en\/wp-json\/wp\/v2\/media?parent=5646"}],"wp:term":[{"taxonomy":"category","embeddable":true,"href":"https:\/\/www.iaru-r2.org\/en\/wp-json\/wp\/v2\/categories?post=5646"},{"taxonomy":"post_tag","embeddable":true,"href":"https:\/\/www.iaru-r2.org\/en\/wp-json\/wp\/v2\/tags?post=5646"}],"curies":[{"name":"wp","href":"https:\/\/api.w.org\/{rel}","templated":true}]}}